{"id":15758,"date":"2025-10-26T12:43:54","date_gmt":"2025-10-26T12:43:54","guid":{"rendered":"http:\/\/bure3iqeqde7ynpluyuubochndt33wwsbkmo7kgf32bmli4zigjwvzid.onion\/?p=15758"},"modified":"2025-10-26T13:11:32","modified_gmt":"2025-10-26T13:11:32","slug":"2-2","status":"publish","type":"post","link":"https:\/\/bureburebure.info\/de\/2-2\/","title":{"rendered":"[BURE] Zur Verteidigung von La Gare :"},"content":{"rendered":"<p><em>Ver\u00f6ffentlicht in <\/em><a href=\"https:\/\/lille.indymedia.org\/spip.php?article37713&amp;lang=fr\"><em>lille.indymedia<\/em><\/a><\/p>\n<p lang=\"fr-FR\">Seit dem 11. Oktober ist La Gare illegal besetzt. Wir haben die ersten schweren Tage der Angst und Hoffnung, der Furcht und der Freude hinter uns, die eine solche Situation mit sich bringt. Die Festlegung eines neuen Verhandlungstermins auf den 5. November verschafft uns eine kleine Atempause und die M\u00f6glichkeit, wieder zu Atem zu kommen. Wir wissen noch nicht, ob wir ab dem 6. November (wieder) rechtlich ausweisbar sein werden oder ob das Urteil zu einem sp\u00e4teren Zeitpunkt ergehen wird. Die gegenw\u00e4rtige Situation sch\u00fctzt uns auch nicht vor der realistischen M\u00f6glichkeit einer illegalen Vertreibung, ganz zu schweigen von der Gefahr von Angriffen und zunehmenden Provokationen durch die Ordnungskr\u00e4fte in den letzten Tagen. Es gibt also noch viel zu tun, sowohl f\u00fcr uns vor Ort als auch f\u00fcr Sie, die uns unterst\u00fctzen wollen! Wir m\u00f6chten Ihnen nachfolgend einen kurzen (sicherlich unvollst\u00e4ndigen) \u00dcberblick \u00fcber die Situation geben&#8230;<\/p>\n<p lang=\"fr-FR\" align=\"left\"><span style=\"font-size: large;\"><b>Phase 1 : Besetzung (wo wir uns gerade befinden)<\/b><\/span><\/p>\n<ul>\n<li>Melden Sie sich auf der Warnliste (Signal) an und bleiben Sie \u00fcber den aktuellen Stand auf <em>bureburebure.info<\/em> informiert. Informationen dazu finden Sie hier: <a href=\"http:\/\/bure3iqeqde7ynpluyuubochndt33wwsbkmo7kgf32bmli4zigjwvzid.onion\/de\/events\/event\/fil-info-occupation-de-la-gare\/\">http:\/\/bure3iqeqde7ynpluyuubochndt33wwsbkmo7kgf32bmli4zigjwvzid.onion\/events\/event\/fil-info-occupation-de-la-gare\/<\/a><\/li>\n<li>Helfen Sie, die Besatzung aufrechtzuerhalten und sich auf den bevorstehenden Angriff vorzubereiten. Es gibt viele Dinge, an denen man teilnehmen kann: den Alltag im Kollektiv managen, die Wachen sicherstellen, die Verteidigung st\u00e4rken und vieles mehr&#8230; Emotionale Unterst\u00fctzung, Geselligkeit oder auch nur Ihre Anwesenheit sind nicht zu untersch\u00e4tzen.<\/li>\n<li>Es ist nicht sicher, ob wir das Datum der Abschiebung im Voraus bestimmen und rechtzeitig alarmieren k\u00f6nnen, um uns dann zu mobilisieren. Denn es kommt nicht nur auf das Gl\u00fcck an, sondern auch auf unsere F\u00e4higkeiten und die Unterst\u00fctzung vor Ort.<\/li>\n<li>Wenn ihr entschlossen seid, gegen die bevorstehende Vertreibung zu protestieren, sie zu verz\u00f6gern und im besten Fall zu verhindern, dann ist <strong>JETZT<\/strong> der richtige Zeitpunkt, hierher zu kommen!<\/li>\n<li>Wenn Sie nicht kommen k\u00f6nnen, unterst\u00fctzen Sie uns von au\u00dfen: informieren und mobilisieren Sie Ihre Copainas und Kameraden (zum Beispiel durch Informationssitzungen und Unterst\u00fctzungsabende, Ressourcen sind verf\u00fcgbar, kontaktieren Sie uns). Erh\u00f6hen Sie den Druck auf die politischen und wirtschaftlichen Entscheidungstr\u00e4ger (Solidarit\u00e4tsaktionen). Bereiten Sie sich darauf vor, spontan auf eine Evakuierungswarnung reagieren zu k\u00f6nnen!<\/li>\n<\/ul>\n<p lang=\"fr-FR\"><span style=\"font-size: large;\"><b>Phase 2 : die \u00abEvakuierung\u00bb<\/b><\/span><\/p>\n<ul>\n<li>Bei einem Angriff auf La Gare werden wir die Evakuierungswarnung auf allen uns zur Verf\u00fcgung stehenden Kan\u00e4len ausl\u00f6sen. Helfen Sie uns, diese Informationen so weit wie m\u00f6glich zu verbreiten und kommen Sie so schnell wie m\u00f6glich hierher!<\/li>\n<li>Ziel ist es, die Abschiebung zu erschweren und im besten Fall zu verhindern. Ob auf Barrikaden, durch Blockaden in der H\u00f6he oder verschiedene Aktionen, jede Initiative zur Erreichung dieses Ziels ist willkommen!<\/li>\n<li>W\u00e4hrend der Evakuierungsphase (und danach) stehen das Rechtsteam, Medics und ein Listening-Team zur Verf\u00fcgung.<\/li>\n<li>Am Tag nach dem Angriff wird in Bure eine <strong>Notsitzung<\/strong> f\u00fcr Menschen aus der Region und von au\u00dferhalb organisiert: <strong>10.00 Uhr\/ BZL<\/strong><\/li>\n<li>Wir gehen davon aus, dass La Gare zu diesem Zeitpunkt verschlossen oder schwer zug\u00e4nglich sein wird oder sogar bereits evakuiert wurde. In diesem Fall kommen Sie trotzdem! Wir werden <strong>Sammelstellen<\/strong> f\u00fcr Menschen von au\u00dfen einrichten. Derzeit handelt es sich um die <strong>Augustine<\/strong> (in Mandres) und <strong>BZL<\/strong> (in Bure). Sie erhalten dort aktuelle Situationsinformationen und (soweit m\u00f6glich) logistische Unterst\u00fctzung. Wenn La Gare nicht mehr als Unterkunft dienen kann, werden wir versuchen, Sie von den Sammelstellen zu verschiedenen kollektiven Orten in der Gegend umzuleiten.<\/li>\n<\/ul>\n<p><strong>Es ist m\u00f6glich, dass die Evakuierung mit Angriffen und Blockaden gegen andere kollektive Orte einhergeht. Bereiten Sie sich im Notfall darauf vor, sehr spontan und initiativ zu sein, wenn es um Unterkunft und Verpflegung geht!<\/strong><\/p>\n<ul>\n<li>Solange der Bahnhof standhalten kann, k\u00f6nnten die Ziele einer externen Unterst\u00fctzung beispielsweise folgende Ma\u00dfnahmen umfassen:<\/li>\n<\/ul>\n<p>&#8211; Verpflegung der Kopaine auf Zone.<\/p>\n<p>&#8211; Blockierung der polizeilichen Infrastruktur.<\/p>\n<p>&#8211; Relais unserer Kommunikation .<\/p>\n<p>&#8211; Materielle und emotionale Unterst\u00fctzung f\u00fcr diejenigen, die sich entscheiden, La Gare vor der eigentlichen Evakuierung zu verlassen.<\/p>\n<p lang=\"fr-FR\"><span style=\"font-size: large;\"><b>Phase 3 : die Antwort<\/b><\/span><\/p>\n<p>Neben dem eigentlichen Zeitpunkt des Angriffs bedeutet die Evakuierung f\u00fcr die Polizisten eine intensive Intervention von mehreren Wochen: Der Standort muss \u00abkarcher ges\u00e4ubert\u00bb, gesichert und \u00fcberwacht werden. Dies erfordert eine komplexe Logistik (Patrouillen, Mannschaftswechsel, Abrissarbeiten usw.). Auch f\u00fcr uns endet die Verteidigung des Bahnhofs nicht mit dem Verlust des Ortes: machen wir diese Operation zu einem Alptraum f\u00fcr alle Beteiligten.<\/p>\n<p>Wir fordern eine entschlossene Reaktion im Falle einer Abschiebung! Zus\u00e4tzlich zu den dezentralisierten Solidarit\u00e4ts- und W\u00fcteaktionen, die an die Verantwortlichen des Atomstaates und ihre Lakaien gerichtet sind, wollen wir uns zusammenschlie\u00dfen, um gemeinsam eine angemessene Antwort auf den Angriff auf unsere Bewegung zu geben.<\/p>\n<p><strong>Treffen Sie sich am Samstag, der Woche nach der Evakuierung, um 14 Uhr in Mandres-en-Barrois, um ihnen zu zeigen, dass \u00ab Gare \u00e0 la revanche \u00bb nicht nur ein lustiges Wortspiel ist!<\/strong><\/p>\n<p><strong>Machen wir den Feinden des Lebens das Leben zur H\u00f6lle!<\/strong><\/p>\n<p><strong>Ewige Feindseligkeit gegen\u00fcber dem nuklearen Monster CIGEO!<\/strong><\/p>\n<p><strong>La Gare wird leben, La Gare wird siegen!<\/strong><\/p>\n<p>&nbsp;<\/p>\n<p>Sitzung \u00abVerteidigen La Gare\u00bb<\/p>\n<p>Arbeitsgruppe D-Tag<\/p>\n<p>&nbsp;<\/p>\n","protected":false},"excerpt":{"rendered":"<p>Ver\u00f6ffentlicht in lille.indymedia Seit dem 11. Oktober ist La Gare illegal besetzt. Wir haben die ersten schweren Tage der Angst und Hoffnung, der Furcht und der Freude hinter uns, die eine solche Situation mit sich bringt. Die Festlegung eines neuen Verhandlungstermins auf den 5. November verschafft uns eine kleine Atempause und die M\u00f6glichkeit, wieder zu&#8230;<\/p>\n","protected":false},"author":3,"featured_media":15741,"comment_status":"closed","ping_status":"open","sticky":false,"template":"","format":"standard","meta":{"_locale":"de_DE","_original_post":"http:\/\/bure3iqeqde7ynpluyuubochndt33wwsbkmo7kgf32bmli4zigjwvzid.onion\/?p=15740","footnotes":""},"categories":[423],"tags":[816,314,392,41],"class_list":["post-15758","post","type-post","status-publish","format-standard","has-post-thumbnail","hentry","category-cigeo","tag-expulsion","tag-la-gare","tag-occupation","tag-soutien","de-DE"],"_links":{"self":[{"href":"https:\/\/bureburebure.info\/wp-json\/wp\/v2\/posts\/15758","targetHints":{"allow":["GET"]}}],"collection":[{"href":"https:\/\/bureburebure.info\/wp-json\/wp\/v2\/posts"}],"about":[{"href":"https:\/\/bureburebure.info\/wp-json\/wp\/v2\/types\/post"}],"author":[{"embeddable":true,"href":"https:\/\/bureburebure.info\/wp-json\/wp\/v2\/users\/3"}],"replies":[{"embeddable":true,"href":"https:\/\/bureburebure.info\/wp-json\/wp\/v2\/comments?post=15758"}],"version-history":[{"count":4,"href":"https:\/\/bureburebure.info\/wp-json\/wp\/v2\/posts\/15758\/revisions"}],"predecessor-version":[{"id":15767,"href":"https:\/\/bureburebure.info\/wp-json\/wp\/v2\/posts\/15758\/revisions\/15767"}],"wp:featuredmedia":[{"embeddable":true,"href":"https:\/\/bureburebure.info\/wp-json\/wp\/v2\/media\/15741"}],"wp:attachment":[{"href":"https:\/\/bureburebure.info\/wp-json\/wp\/v2\/media?parent=15758"}],"wp:term":[{"taxonomy":"category","embeddable":true,"href":"https:\/\/bureburebure.info\/wp-json\/wp\/v2\/categories?post=15758"},{"taxonomy":"post_tag","embeddable":true,"href":"https:\/\/bureburebure.info\/wp-json\/wp\/v2\/tags?post=15758"}],"curies":[{"name":"wp","href":"https:\/\/api.w.org\/{rel}","templated":true}]}}