{"id":10499,"date":"2023-01-06T19:09:03","date_gmt":"2023-01-06T19:09:03","guid":{"rendered":"http:\/\/bure3iqeqde7ynpluyuubochndt33wwsbkmo7kgf32bmli4zigjwvzid.onion\/?p=10499"},"modified":"2023-01-30T19:10:00","modified_gmt":"2023-01-30T19:10:00","slug":"des-nouvelles-divan-6-janvier","status":"publish","type":"post","link":"https:\/\/bureburebure.info\/it\/des-nouvelles-divan-6-janvier\/","title":{"rendered":"Aggiornamento sull\u2019anarchico imprigionato Ivan Alocco, al 16esimo giorno del nuovo sciopero della fame al fianco di Alfredo Cospito (Francia, 6 gennaio 2023)"},"content":{"rendered":"<p style=\"text-align: right;\"><em>Traduzione : <a href=\"https:\/\/lanemesi.noblogs.org\/post\/2023\/01\/06\/aggiornamento-sullanarchico-imprigionato-ivan-alocco-al-16esimo-giorno-del-nuovo-sciopero-della-fame-al-fianco-di-alfredo-cospito-francia-6-gennaio-2023\/\">lanemesi<\/a><\/em><\/p>\n<p>&nbsp;<\/p>\n<div class=\"entry-content\">\n<p><strong>Aggiornamento sull\u2019anarchico imprigionato Ivan Alocco, al 16esimo giorno del nuovo sciopero della fame al fianco di Alfredo Cospito (Francia, 6 gennaio 2023)<\/strong><\/p>\n<p><em>Ivan al 16\u00b0 giorno di sciopero della fame!<\/em><\/p>\n<p>Ci arrivano notizie dalla Francia sul nuovo sciopero della fame che l\u2019anarchico Ivan Alocco ha intrapreso in solidariet\u00e0 ad Alfredo <a href=\"https:\/\/lanemesi.noblogs.org\/post\/2022\/12\/22\/lanarchico-ivan-alocco-comincia-un-nuovo-sciopero-della-fame-al-fianco-di-alfredo-cospito-e-in-solidarieta-con-gli-anarchici-e-i-rivoluzionari-imprigionati-francia-22-dicembre-2022\/\" target=\"_blank\" rel=\"noopener\">dal 22 dicembre scorso<\/a> [<em>il compagno ha intrapreso un primo sciopero della fame, durato 35 giorni, tra il <a href=\"https:\/\/lanemesi.noblogs.org\/post\/2022\/10\/28\/dichiarazione-di-inizio-dello-sciopero-della-fame-da-parte-dellanarchico-ivan-alocco-francia\/\" target=\"_blank\" rel=\"noopener\">27 ottobre<\/a> e il <\/em><a href=\"https:\/\/lanemesi.noblogs.org\/post\/2022\/12\/01\/lanarchico-ivan-alocco-ha-terminato-lo-sciopero-della-fame-francia-1-dicembre-2022\/\" target=\"_blank\" rel=\"noopener\"><em>1\u00b0 dicembre<\/em><\/a>].<\/p>\n<p>Ivan sta bene, prende dello zucchero nell\u2019acqua al posto dei pasti e pure un po\u2019 di sale al mattino, che evita che la tensione scenda troppo procurandogli dei gran capogiri (comunque la pressione pi\u00f9 bassa che ha raggiunto fino ad oggi \u00e8 50 di min. e 80 di mas.). Il glucosio \u00e8 ok, le tossine certi giorni sono un po\u2019 alte, ma nulla di cui preoccuparsi.<\/p>\n<p>Per risparmiare forze ha interrotto le attivit\u00e0 sportive e le uscite all\u2019aria, il che fa s\u00ec che si annoi parecchio\u2026 quindi legge tantissimo.<\/p>\n<p>Qualche giorno fa ha avuto un piccolo screzio con un secondino che non ha voluto che il lavorante che distribuisce i pasti gli desse delle bustine di zucchero ma dopo che Ivan ha interpellato il capitano delle guardie la situazione \u00e8 stata risolta. Second\u00ecni e altri detenuti continuano a \u201cfargli la morale\u201d (\u00abnon serve a niente, pensa alla tua salute\u00bb), ma Ivan \u00e8 determinato nella sua iniziativa nonostante la logica preoccupazione per la salute e la vita di Alfredo.<\/p>\n<p>Esprimiamo il nostro affetto, la nostra riconoscenza e la nostra solidariet\u00e0 per Ivan!<\/p>\n<p>Per scrivergli:<\/p>\n<p><em>Ivan Alocco<\/em><br \/>\nN. d\u2019ecrou 46355<br \/>\nMaison d\u2019Arr\u00eat de Villepinte<br \/>\n40, Avenue Vauban<br \/>\n93420 Villepinte<br \/>\nFrance<\/p>\n<p>[Ricevuto via e-mail e pubblicato in <a href=\"https:\/\/lanemesi.noblogs.org\/post\/2023\/01\/06\/aggiornamento-sullanarchico-imprigionato-ivan-alocco-al-16esimo-giorno-del-nuovo-sciopero-della-fame-al-fianco-di-alfredo-cospito-francia-6-gennaio-2023\/\" target=\"_blank\" rel=\"noopener\">https:\/\/lanemesi.noblogs.org\/post\/2023\/01\/06\/aggiornamento-sullanarchico-imprigionato-ivan-alocco-al-16esimo-giorno-del-nuovo-sciopero-della-fame-al-fianco-di-alfredo-cospito-francia-6-gennaio-2023\/<\/a>]<\/p>\n<\/div>\n<p>&nbsp;<\/p>\n","protected":false},"excerpt":{"rendered":"<p>Traduzione : lanemesi &nbsp; Aggiornamento sull\u2019anarchico imprigionato Ivan Alocco, al 16esimo giorno del nuovo sciopero della fame al fianco di Alfredo Cospito (Francia, 6 gennaio 2023) Ivan al 16\u00b0 giorno di sciopero della fame! Ci arrivano notizie dalla Francia sul nuovo sciopero della fame che l\u2019anarchico Ivan Alocco ha intrapreso in solidariet\u00e0 ad Alfredo dal&#8230;<\/p>\n","protected":false},"author":3,"featured_media":10175,"comment_status":"closed","ping_status":"open","sticky":false,"template":"","format":"standard","meta":{"_locale":"it_IT","_original_post":"http:\/\/bure3iqeqde7ynpluyuubochndt33wwsbkmo7kgf32bmli4zigjwvzid.onion\/?p=10378","footnotes":""},"categories":[420],"tags":[],"class_list":["post-10499","post","type-post","status-publish","format-standard","has-post-thumbnail","hentry","category-et-son-monde","it-IT"],"_links":{"self":[{"href":"https:\/\/bureburebure.info\/wp-json\/wp\/v2\/posts\/10499","targetHints":{"allow":["GET"]}}],"collection":[{"href":"https:\/\/bureburebure.info\/wp-json\/wp\/v2\/posts"}],"about":[{"href":"https:\/\/bureburebure.info\/wp-json\/wp\/v2\/types\/post"}],"author":[{"embeddable":true,"href":"https:\/\/bureburebure.info\/wp-json\/wp\/v2\/users\/3"}],"replies":[{"embeddable":true,"href":"https:\/\/bureburebure.info\/wp-json\/wp\/v2\/comments?post=10499"}],"version-history":[{"count":1,"href":"https:\/\/bureburebure.info\/wp-json\/wp\/v2\/posts\/10499\/revisions"}],"predecessor-version":[{"id":10502,"href":"https:\/\/bureburebure.info\/wp-json\/wp\/v2\/posts\/10499\/revisions\/10502"}],"wp:featuredmedia":[{"embeddable":true,"href":"https:\/\/bureburebure.info\/wp-json\/wp\/v2\/media\/10175"}],"wp:attachment":[{"href":"https:\/\/bureburebure.info\/wp-json\/wp\/v2\/media?parent=10499"}],"wp:term":[{"taxonomy":"category","embeddable":true,"href":"https:\/\/bureburebure.info\/wp-json\/wp\/v2\/categories?post=10499"},{"taxonomy":"post_tag","embeddable":true,"href":"https:\/\/bureburebure.info\/wp-json\/wp\/v2\/tags?post=10499"}],"curies":[{"name":"wp","href":"https:\/\/api.w.org\/{rel}","templated":true}]}}