{"id":10514,"date":"2022-11-24T19:35:44","date_gmt":"2022-11-24T19:35:44","guid":{"rendered":"http:\/\/bure3iqeqde7ynpluyuubochndt33wwsbkmo7kgf32bmli4zigjwvzid.onion\/?p=10514"},"modified":"2023-01-30T19:36:45","modified_gmt":"2023-01-30T19:36:45","slug":"23-nov-une-lettre-divan-anarchiste-incarcere-a-villepinte","status":"publish","type":"post","link":"https:\/\/bureburebure.info\/it\/23-nov-une-lettre-divan-anarchiste-incarcere-a-villepinte\/","title":{"rendered":"Una lettera di Ivan (Francia, novembre 2022)"},"content":{"rendered":"<div class=\"entry-content\">\n<p><strong>Una lettera di Ivan<\/strong><\/p>\n<p>Ciao a tutti e tutte.<br \/>\nScrivo queste poche righe per dare qualche notizia.<\/p>\n<p>Continuo lo sciopero della fame che ho cominciato il 27 ottobre in solidariet\u00e0 con la lotta di Alfredo Cospito per uscire dal 41 bis. Sto bene. Mi sento stanco e a volte ho il capogiro, ma la mia determinazione rimane intatta.<\/p>\n<p>\u00c8\u00a0la prima volta da giugno, quando sono stato rinchiuso qui, che ho l\u2019impressione di fare qualcosa che valga la pena, invece di semplicemente sopravvivere e guardare il tempo passare.<\/p>\n<p>Due settimane fa, il capo dei secondini ha minacciato di trasferirmi in isolamento se continuo (\u00abper il mio bene, per essere seguito meglio in caso avessi un problema di salute improvviso\u00bb), ma per il momento non ha messo in pratica il suo ricatto.<\/p>\n<p>La mia posta \u00e8 di nuovo bloccata. Mi hanno dato delle lettere il 24 ottobre, poi pi\u00f9 nulla. Allo stesso modo, le lettere che ho scritto alla mia famiglia a partire da met\u00e0 ottobre non sono ancora arrivate.<\/p>\n<p>Gioved\u00ec 24 novembre alle 13:30, passer\u00f2 davanti alla giudice d\u2019istruzione (Anne Grandjean), al tribunale di Bobigny, per l\u2019interrogatorio.<\/p>\n<p>Alla fine, ho potuto cominciare a leggere i faldoni dell\u2019inchiesta. Gi\u00e0 dall\u2019inizio, una piccola sorpresa: la SDAT spiega che hanno cominciato a pedinare l\u2019altro compagno (rapidamente scagionato) e me a partire da gennaio scorso. Questo a causa di \u00abinformazioni confidenziali\u00bb (una giudice scrive \u00abinformazioni anonime\u00bb) che dicevano loro che saremmo gli autori degli attacchi incendiari di veicoli diplomatici o di grandi imprese, rivendicati da anarchici.<\/p>\n<p>Tutta la mia solidariet\u00e0 ad Alfredo, Anna e Juan, in sciopero della fame.<br \/>\nUn pensiero ai prigionieri e alle prigioniere rivoluzionari attraverso il mondo.<br \/>\nLibert\u00e0 per tutti e tutte!<\/p>\n<p>Ivan<\/p>\n<p>* * *<\/p>\n<p><strong>Nota de \u201cLa Nemesi\u201d<\/strong><\/p>\n<p><em>Invitiamo alla diffusione di questa lettera di Ivan, anarchico imprigionato nel carcere francese di Villepinte, pervenuta il 23 novembre. Il compagno si trova recluso dall\u201911 giugno \u2013 dopo l\u2019arresto ad opera della <\/em>Sous-Direction Anti-Terroriste<em> (SDAT) della <\/em>Direction centrale<em> della polizia giudiziaria francese \u2013 in relazione a sei attacchi incendiari avvenuti a Parigi e a Montreuil tra gennaio e giugno (per contestualizzare l\u2019indagine contro il compagno invitiamo a leggere le sue due precedenti lettere, risalenti al <a href=\"https:\/\/lanemesi.noblogs.org\/post\/2022\/09\/05\/lettera-del-compagno-anarchico-ivan-dal-carcere-di-villepinte-francia-15-giugno-2022\/\" target=\"_blank\" rel=\"noopener\">15 giugno<\/a> e al <a href=\"https:\/\/lanemesi.noblogs.org\/post\/2022\/09\/26\/una-lettera-di-ivan-dalla-prigione-di-villepinte\/\" target=\"_blank\" rel=\"noopener\">25 settembre<\/a>). <\/em><\/p>\n<p><em>Dal <a href=\"https:\/\/lanemesi.noblogs.org\/post\/2022\/10\/28\/dichiarazione-di-inizio-dello-sciopero-della-fame-da-parte-dellanarchico-ivan-alocco-francia\/\" target=\"_blank\" rel=\"noopener\">27 ottobre<\/a> Ivan \u00e8 in sciopero della fame in solidariet\u00e0 con l\u2019anarchico Alfredo Cospito, che ha iniziato \u2013 a partire dal 20 dello stesso mese \u2013 uno <a href=\"https:\/\/lanemesi.noblogs.org\/post\/2022\/10\/25\/non-permettiamo-lassassinio-di-alfredo-cospito-in-sciopero-della-fame-dal-20-ottobre-appello-per-una-mobilitazione-internazionale\/\" target=\"_blank\" rel=\"noopener\">sciopero della fame ad oltranza<\/a> contro il regime detentivo di 41 bis (in cui \u00e8 recluso nel carcere di Bancali, a Sassari) e <a href=\"https:\/\/lanemesi.noblogs.org\/post\/2022\/10\/29\/fissata-ludienza-dappello-del-processo-scripta-manent-torino-5-dicembre-2022\/\" target=\"_blank\" rel=\"noopener\">l\u2019ergastolo ostativo<\/a>. Oltre a Ivan, anche il compagno Juan Sorroche (<a href=\"https:\/\/lanemesi.noblogs.org\/post\/2022\/11\/02\/dichiarazione-dellanarchico-juan-sorroche-sullinizio-dello-sciopero-della-fame-in-solidarieta-con-alfredo-cospito-25-ottobre-2022\/\" target=\"_blank\" rel=\"noopener\">dal 25 ottobre, nel carcere di Terni<\/a>) e la compagna Anna Beniamino (<a href=\"https:\/\/lanemesi.noblogs.org\/post\/2022\/11\/09\/dichiarazione-di-inizio-dello-sciopero-della-fame-da-parte-della-compagna-anarchica-anna-beniamino-in-solidarieta-con-alfredo-cospito-7-novembre-2022\/\" target=\"_blank\" rel=\"noopener\">dal 7 novembre, nel carcere di Rebibbia femminile<\/a>, a Roma) sono entrati in sciopero della fame in solidariet\u00e0 con Alfredo.\u00a0<\/em><\/p>\n<p><em>L\u2019indirizzo del compagno: <\/em><\/p>\n<p>Ivan\u00a0Alocco<br \/>\n<em>N. d\u2019ecrou 46355<\/em><br \/>\n<em>Maison d\u2019Arr\u00eat de Villepinte<\/em><br \/>\n<em>40, Avenue Vauban<\/em><br \/>\n<em>93420 Villepinte<\/em><br \/>\n<em>France<\/em><\/p>\n<p>[Ricevuto via e-mail e pubblicato in <a href=\"https:\/\/lanemesi.noblogs.org\/post\/2022\/11\/24\/una-lettera-di-ivan-francia-novembre-2022\/\" target=\"_blank\" rel=\"noopener\">https:\/\/lanemesi.noblogs.org\/post\/2022\/11\/24\/una-lettera-di-ivan-francia-novembre-2022\/<\/a>]<\/p>\n<\/div>\n","protected":false},"excerpt":{"rendered":"<p>Una lettera di Ivan Ciao a tutti e tutte. Scrivo queste poche righe per dare qualche notizia. Continuo lo sciopero della fame che ho cominciato il 27 ottobre in solidariet\u00e0 con la lotta di Alfredo Cospito per uscire dal 41 bis. Sto bene. Mi sento stanco e a volte ho il capogiro, ma la mia&#8230;<\/p>\n","protected":false},"author":3,"featured_media":10175,"comment_status":"closed","ping_status":"open","sticky":false,"template":"","format":"standard","meta":{"_locale":"it_IT","_original_post":"http:\/\/bure3iqeqde7ynpluyuubochndt33wwsbkmo7kgf32bmli4zigjwvzid.onion\/?p=10162","footnotes":""},"categories":[420],"tags":[],"class_list":["post-10514","post","type-post","status-publish","format-standard","has-post-thumbnail","hentry","category-et-son-monde","it-IT"],"_links":{"self":[{"href":"https:\/\/bureburebure.info\/wp-json\/wp\/v2\/posts\/10514","targetHints":{"allow":["GET"]}}],"collection":[{"href":"https:\/\/bureburebure.info\/wp-json\/wp\/v2\/posts"}],"about":[{"href":"https:\/\/bureburebure.info\/wp-json\/wp\/v2\/types\/post"}],"author":[{"embeddable":true,"href":"https:\/\/bureburebure.info\/wp-json\/wp\/v2\/users\/3"}],"replies":[{"embeddable":true,"href":"https:\/\/bureburebure.info\/wp-json\/wp\/v2\/comments?post=10514"}],"version-history":[{"count":1,"href":"https:\/\/bureburebure.info\/wp-json\/wp\/v2\/posts\/10514\/revisions"}],"predecessor-version":[{"id":10515,"href":"https:\/\/bureburebure.info\/wp-json\/wp\/v2\/posts\/10514\/revisions\/10515"}],"wp:featuredmedia":[{"embeddable":true,"href":"https:\/\/bureburebure.info\/wp-json\/wp\/v2\/media\/10175"}],"wp:attachment":[{"href":"https:\/\/bureburebure.info\/wp-json\/wp\/v2\/media?parent=10514"}],"wp:term":[{"taxonomy":"category","embeddable":true,"href":"https:\/\/bureburebure.info\/wp-json\/wp\/v2\/categories?post=10514"},{"taxonomy":"post_tag","embeddable":true,"href":"https:\/\/bureburebure.info\/wp-json\/wp\/v2\/tags?post=10514"}],"curies":[{"name":"wp","href":"https:\/\/api.w.org\/{rel}","templated":true}]}}