{"id":9044,"date":"2022-06-22T20:26:26","date_gmt":"2022-06-22T20:26:26","guid":{"rendered":"http:\/\/bure3iqeqde7ynpluyuubochndt33wwsbkmo7kgf32bmli4zigjwvzid.onion\/?p=9044"},"modified":"2022-06-22T20:26:26","modified_gmt":"2022-06-22T20:26:26","slug":"fete-des-barricades","status":"publish","type":"post","link":"https:\/\/bureburebure.info\/it\/fete-des-barricades\/","title":{"rendered":"LA GARE : Festa delle Barricate, 11-18 luglio"},"content":{"rendered":"<p lang=\"it-IT\">Difendiamo LA GARE, impediamo la costruzione della strada ferroviaria nucleare !<\/p>\n<p lang=\"it-IT\">La Gare fa parte della futura linea ferroviaria per il trasporto delle scorie nucleari al futuro centro di stoccaggio CIG\u00c9O vicino a Bure. Con la dichiarazione di pubblica utilit\u00e0 (DUP), si raggiunger\u00e0 una pietra miliare e il progetto, quando dichiarato di &#8220;interesse nazionale&#8221;, potr\u00e0 scavalcare l&#8217;opposizione dei residenti locali e portare all&#8217;esproprio dei terreni necessari per far avanzare i lavori. Prima ancora che la DUP sia completata, l&#8217;ANDRA ha annunciato che la costruzione della futura linea Castor inizier\u00e0 al pi\u00f9 tardi nel 2024: La Gare rischia quindi, nel prossimo futuro, di dover affrontare una battaglia legale con l&#8217;ANDRA per ottenere il terreno e, in ultima analisi, di essere sfrattata con la forza. Non lo accetteremo!<\/p>\n<p lang=\"it-IT\">Per questo motivo, quest&#8217;estate invitiamo tutti coloro che hanno a cuore il futuro della Gare a venire a costruire, discutere (ma anche festeggiare!) le barricate. Questa settimana di festa sar\u00e0 un&#8217;occasione per incontrarsi, pianificare e preparare insieme la nostra difesa fisica. In questa occasione, oltre a svolgere un lavoro sul campo, vogliamo anche aprire uno spazio per condividere esperienze\/conoscenze sul tema e discutere possibili strategie per il periodo successivo all&#8217;esproprio e per il momento dello sgombero. Detto questo, anche se la &#8220;difesa&#8221; \u00e8 al centro di questa settimana, \u00e8 soprattutto un&#8217;occasione per stare insieme alla stazione e per imparare collettivamente ad appropriarsi di questo luogo per il quale crediamo valga la pena lottare.<\/p>\n<p lang=\"it-IT\">Per quanto riguarda l&#8217;atmosfera: \u00e8 ovvio (ma lo diremo comunque) che saremo intransigenti nei confronti dei comportamenti oppressivi nel campo, qualunque essi siano.<\/p>\n<p lang=\"it-IT\">Dato che il tema della costruzione di barricate \u00e8 purtroppo predestinato a stronzate patriarcali come la militanza maschilista, le fantasie militariste di onnipotenza o il mansplaining nel mestiere: vogliamo chiarire ancora una volta che questo tipo di comportamento non \u00e8 ovviamente gradito (n\u00e9 qui n\u00e9 altrove). Per chi lo desidera, saranno ovviamente disponibili \u201csafe spaces\u201d di workshops (da definire in base ai desideri dei partecipanti).<\/p>\n<p lang=\"it-IT\">Nell&#8217;organizzare questa settimana, il nostro obiettivo non \u00e8 quello di trasformare la stazione in un ambiente ostile. Siamo consapevoli che questo luogo non pu\u00f2 essere difeso a lungo termine solo con una lotta di barricate: il nostro desiderio principale \u00e8 quello di creare un&#8217;atmosfera che sia espressione della nostra posizione inconciliabile nei confronti del progetto CIG\u00c9O. Questo significa, oltre a prepararsi per un futuro confronto, rimanere un luogo in cui tutti possiamo sentirci a nostro agio.<\/p>\n<p lang=\"it-IT\">&#8220;Situazione giuridica: secondo la nostra concezione giuridica, possiamo costruire tutte le barricate e scavare tutti i fossati che vogliamo, purch\u00e9 questo luogo non sia stato legalmente espropriato. Possiamo anche invitare nostrx amicx darci una mano e invitarlx a fornirci il materiale necessario. Tuttavia, in passato abbiamo sperimentato pi\u00f9 volte che eventi annunciati pubblicamente hanno portato alla repressione degli oppositori. I mezzi spesso utilizzati sono stati: ordinanze prefettizie che vietavano il trasporto di determinati materiali, requisizioni che consentivano la perquisizione di veicoli e dei loro occupantx e diffuse vessazioni da parte della polizia nei confronti di presuntx oppositorx del progetto. Vi invitiamo quindi a prepararvi a questa eventualit\u00e0 e a informarvi in anticipo sulla situazione repressiva locale (ad esempio con l&#8217;opuscolo &#8220;<a href=\"https:\/\/bureburebure.info\/wp-content\/uploads\/2019\/07\/Legal_brief_italiano.pdf\">Brief legal nel contesto di Bure<\/a>&#8220;). Un team legale sar\u00e0 a disposizione per tutta la settimana.<\/p>\n<p lang=\"it-IT\"><strong>Donazioni di materiali e strumenti<\/strong>: seguir\u00e0 un elenco dei materiali necessari &#8211; faremo in modo che siano disponibili il pi\u00f9 possibile (abbiamo bisogno soprattutto di buon umore e determinazione!). Se volete portare con voi l&#8217;equipaggiamento, potete leggere l&#8217;elenco degli articoli vietati da trasportare, <a href=\"https:\/\/bureburebure.info\/wp-content\/uploads\/2022\/04\/RAA-n%C2%B099-du-13-aout-2021.pdf\">fatto dalla prefettura nell&#8217;estate del 2021<\/a> (l&#8217;elenco \u00e8 a pagina 4). Poich\u00e9 \u00e8 probabile che in quel momento sia in vigore un decreto corrispondente o simile, si consiglia, se possibile, di consegnare le donazioni in natura alla stazione prima dell&#8217;evento. Nonostante questo elenco, si scopre che la maggior parte di questi materiali ci serve in abbondanza!<\/p>\n<p lang=\"it-IT\">Vi aspettiamo numerosi dal<\/p>\n<p lang=\"it-IT\">11 &#8211; 17 luglio 2022 a La Gare de Lum\u00e9ville (vicino a Bure, Francia 55)<\/p>\n<p>versione da stampare : <a href=\"https:\/\/bureburebure.info\/wp-content\/uploads\/2022\/04\/fete-des-barricades-FR-3.pdf\">f\u00eate des barricades FR 3<\/a><\/p>\n<p><img loading=\"lazy\" decoding=\"async\" class=\"alignnone size-large wp-image-8827 img-fluid \" src=\"https:\/\/bureburebure.info\/wp-content\/uploads\/2022\/04\/fete-des-barricades-poster-frog.cleaned-1400x1980.jpg\" alt=\"\" width=\"1400\" height=\"1980\" srcset=\"https:\/\/bureburebure.info\/wp-content\/uploads\/2022\/04\/fete-des-barricades-poster-frog.cleaned-1400x1980.jpg 1400w, https:\/\/bureburebure.info\/wp-content\/uploads\/2022\/04\/fete-des-barricades-poster-frog.cleaned-768x1086.jpg 768w, https:\/\/bureburebure.info\/wp-content\/uploads\/2022\/04\/fete-des-barricades-poster-frog.cleaned-1086x1536.jpg 1086w, https:\/\/bureburebure.info\/wp-content\/uploads\/2022\/04\/fete-des-barricades-poster-frog.cleaned-1448x2048.jpg 1448w, https:\/\/bureburebure.info\/wp-content\/uploads\/2022\/04\/fete-des-barricades-poster-frog.cleaned-scaled.jpg 1810w\" sizes=\"auto, (max-width: 1400px) 100vw, 1400px\" \/><\/p>\n<p><img loading=\"lazy\" decoding=\"async\" class=\"alignnone size-large wp-image-8899 img-fluid \" src=\"https:\/\/bureburebure.info\/wp-content\/uploads\/2022\/04\/Barricade_week_2.cleaned-1-1400x1981.jpg\" alt=\"\" width=\"1400\" height=\"1981\" srcset=\"https:\/\/bureburebure.info\/wp-content\/uploads\/2022\/04\/Barricade_week_2.cleaned-1-1400x1981.jpg 1400w, https:\/\/bureburebure.info\/wp-content\/uploads\/2022\/04\/Barricade_week_2.cleaned-1-768x1086.jpg 768w, https:\/\/bureburebure.info\/wp-content\/uploads\/2022\/04\/Barricade_week_2.cleaned-1-1086x1536.jpg 1086w, https:\/\/bureburebure.info\/wp-content\/uploads\/2022\/04\/Barricade_week_2.cleaned-1-1448x2048.jpg 1448w, https:\/\/bureburebure.info\/wp-content\/uploads\/2022\/04\/Barricade_week_2.cleaned-1-scaled.jpg 1810w\" sizes=\"auto, (max-width: 1400px) 100vw, 1400px\" \/><\/p>\n<p><img loading=\"lazy\" decoding=\"async\" class=\"alignnone size-large wp-image-8897 img-fluid \" src=\"https:\/\/bureburebure.info\/wp-content\/uploads\/2022\/04\/fete-des-barricades-poster-pelleteuse.cleaned-1400x1980.jpg\" alt=\"\" width=\"1400\" height=\"1980\" srcset=\"https:\/\/bureburebure.info\/wp-content\/uploads\/2022\/04\/fete-des-barricades-poster-pelleteuse.cleaned-1400x1980.jpg 1400w, https:\/\/bureburebure.info\/wp-content\/uploads\/2022\/04\/fete-des-barricades-poster-pelleteuse.cleaned-768x1086.jpg 768w, https:\/\/bureburebure.info\/wp-content\/uploads\/2022\/04\/fete-des-barricades-poster-pelleteuse.cleaned-1086x1536.jpg 1086w, https:\/\/bureburebure.info\/wp-content\/uploads\/2022\/04\/fete-des-barricades-poster-pelleteuse.cleaned-1448x2048.jpg 1448w, https:\/\/bureburebure.info\/wp-content\/uploads\/2022\/04\/fete-des-barricades-poster-pelleteuse.cleaned-scaled.jpg 1810w\" sizes=\"auto, (max-width: 1400px) 100vw, 1400px\" \/><\/p>\n<p><img loading=\"lazy\" decoding=\"async\" class=\"alignnone size-large wp-image-8898 img-fluid \" src=\"https:\/\/bureburebure.info\/wp-content\/uploads\/2022\/04\/poster-fr.cleaned-1400x990.jpg\" alt=\"\" width=\"1400\" height=\"990\" srcset=\"https:\/\/bureburebure.info\/wp-content\/uploads\/2022\/04\/poster-fr.cleaned-1400x990.jpg 1400w, https:\/\/bureburebure.info\/wp-content\/uploads\/2022\/04\/poster-fr.cleaned-768x543.jpg 768w, https:\/\/bureburebure.info\/wp-content\/uploads\/2022\/04\/poster-fr.cleaned-1536x1086.jpg 1536w, https:\/\/bureburebure.info\/wp-content\/uploads\/2022\/04\/poster-fr.cleaned-2048x1448.jpg 2048w\" sizes=\"auto, (max-width: 1400px) 100vw, 1400px\" \/><\/p>\n<p><img loading=\"lazy\" decoding=\"async\" class=\"alignnone size-large wp-image-8835 img-fluid \" src=\"https:\/\/bureburebure.info\/wp-content\/uploads\/2022\/04\/Barricade_week-picto.cleaned-1400x1980.png\" alt=\"\" width=\"1400\" height=\"1980\" srcset=\"https:\/\/bureburebure.info\/wp-content\/uploads\/2022\/04\/Barricade_week-picto.cleaned-1400x1980.png 1400w, https:\/\/bureburebure.info\/wp-content\/uploads\/2022\/04\/Barricade_week-picto.cleaned-768x1086.png 768w, https:\/\/bureburebure.info\/wp-content\/uploads\/2022\/04\/Barricade_week-picto.cleaned-1086x1536.png 1086w, https:\/\/bureburebure.info\/wp-content\/uploads\/2022\/04\/Barricade_week-picto.cleaned-1448x2048.png 1448w, https:\/\/bureburebure.info\/wp-content\/uploads\/2022\/04\/Barricade_week-picto.cleaned.png 1653w\" sizes=\"auto, (max-width: 1400px) 100vw, 1400px\" \/><\/p>\n<p>&nbsp;<\/p>\n","protected":false},"excerpt":{"rendered":"<p>Difendiamo LA GARE, impediamo la costruzione della strada ferroviaria nucleare ! La Gare fa parte della futura linea ferroviaria per il trasporto delle scorie nucleari al futuro centro di stoccaggio CIG\u00c9O vicino a Bure. Con la dichiarazione di pubblica utilit\u00e0 (DUP), si raggiunger\u00e0 una pietra miliare e il progetto, quando dichiarato di &#8220;interesse nazionale&#8221;, potr\u00e0&#8230;<\/p>\n","protected":false},"author":3,"featured_media":8827,"comment_status":"closed","ping_status":"open","sticky":false,"template":"","format":"standard","meta":{"_locale":"it_IT","_original_post":"http:\/\/bure3iqeqde7ynpluyuubochndt33wwsbkmo7kgf32bmli4zigjwvzid.onion\/?p=8904","footnotes":""},"categories":[422,420,421,423],"tags":[],"class_list":["post-9044","post","type-post","status-publish","format-standard","has-post-thumbnail","hentry","category-le-nucleaire","category-et-son-monde","category-la-vie-en-meuse","category-cigeo","it-IT"],"_links":{"self":[{"href":"https:\/\/bureburebure.info\/wp-json\/wp\/v2\/posts\/9044","targetHints":{"allow":["GET"]}}],"collection":[{"href":"https:\/\/bureburebure.info\/wp-json\/wp\/v2\/posts"}],"about":[{"href":"https:\/\/bureburebure.info\/wp-json\/wp\/v2\/types\/post"}],"author":[{"embeddable":true,"href":"https:\/\/bureburebure.info\/wp-json\/wp\/v2\/users\/3"}],"replies":[{"embeddable":true,"href":"https:\/\/bureburebure.info\/wp-json\/wp\/v2\/comments?post=9044"}],"version-history":[{"count":1,"href":"https:\/\/bureburebure.info\/wp-json\/wp\/v2\/posts\/9044\/revisions"}],"predecessor-version":[{"id":9046,"href":"https:\/\/bureburebure.info\/wp-json\/wp\/v2\/posts\/9044\/revisions\/9046"}],"wp:featuredmedia":[{"embeddable":true,"href":"https:\/\/bureburebure.info\/wp-json\/wp\/v2\/media\/8827"}],"wp:attachment":[{"href":"https:\/\/bureburebure.info\/wp-json\/wp\/v2\/media?parent=9044"}],"wp:term":[{"taxonomy":"category","embeddable":true,"href":"https:\/\/bureburebure.info\/wp-json\/wp\/v2\/categories?post=9044"},{"taxonomy":"post_tag","embeddable":true,"href":"https:\/\/bureburebure.info\/wp-json\/wp\/v2\/tags?post=9044"}],"curies":[{"name":"wp","href":"https:\/\/api.w.org\/{rel}","templated":true}]}}