{"id":9059,"date":"2022-06-23T07:47:47","date_gmt":"2022-06-23T07:47:47","guid":{"rendered":"http:\/\/bure3iqeqde7ynpluyuubochndt33wwsbkmo7kgf32bmli4zigjwvzid.onion\/?p=9059"},"modified":"2022-06-23T12:34:50","modified_gmt":"2022-06-23T12:34:50","slug":"prochain-arret-la-gare-de-lumeville-terminus-du-train","status":"publish","type":"post","link":"https:\/\/bureburebure.info\/it\/prochain-arret-la-gare-de-lumeville-terminus-du-train\/","title":{"rendered":"Prossima fermata la stazione di Lum\u00e9ville, capolinea del treno!"},"content":{"rendered":"<p lang=\"fr-FR\" align=\"justify\"><img loading=\"lazy\" decoding=\"async\" class=\"alignnone size-large wp-image-8827 img-fluid \" src=\"https:\/\/bureburebure.info\/wp-content\/uploads\/2022\/04\/fete-des-barricades-poster-frog.cleaned-1400x1980.jpg\" alt=\"\" width=\"1400\" height=\"1980\" srcset=\"https:\/\/bureburebure.info\/wp-content\/uploads\/2022\/04\/fete-des-barricades-poster-frog.cleaned-1400x1980.jpg 1400w, https:\/\/bureburebure.info\/wp-content\/uploads\/2022\/04\/fete-des-barricades-poster-frog.cleaned-768x1086.jpg 768w, https:\/\/bureburebure.info\/wp-content\/uploads\/2022\/04\/fete-des-barricades-poster-frog.cleaned-1086x1536.jpg 1086w, https:\/\/bureburebure.info\/wp-content\/uploads\/2022\/04\/fete-des-barricades-poster-frog.cleaned-1448x2048.jpg 1448w, https:\/\/bureburebure.info\/wp-content\/uploads\/2022\/04\/fete-des-barricades-poster-frog.cleaned-scaled.jpg 1810w\" sizes=\"auto, (max-width: 1400px) 100vw, 1400px\" \/><\/p>\n<p>Festa delle Barricate \/ comunicato stampa #2<\/p>\n<p>Ciao a tuttx! Con l&#8217;avvicinarsi dei festeggiamenti, abbiamo pensato che fosse un buon momento per ricordare brevemente la ragion d&#8217;essere di questo evento e per dare alcune informazioni pratiche riguardanti, tra l&#8217;altro, la struttura della settimana.<\/p>\n<p>In primo luogo, e per evitare qualsiasi equivoco: potete stare tranquillx, La Gare non \u00e8 immediatamente minacciata di sfratto! Tuttavia, qualche mese fa, abbiamo deciso di iniziare un processo di trasformazione di questo luogo di vita (e di lotte!) in un luogo di occupazione permanente. \u00c8 in questo contesto che \u00e8 nata l&#8217;idea della <a href=\"https:\/\/bureburebure.info\/it\/fete-des-barricades\/\">Festa delle Barricate<\/a>, sia come momento di inaugurazione festosa dell&#8217;occupazione sia come occasione per ampliare il dibattito di fondo sulla situazione della Gare.<\/p>\n<p><strong>Riguardo a&#8230;<\/strong><\/p>\n<p>&#8211; i media: i giornalisti non sono i benvenuti. Inoltre, per motivi di sicurezza, vi sar\u00e0 chiesto di non effettuare registrazioni (foto, suoni, video&#8230;) durante il campo. Un team di automedia sar\u00e0 comunque presente per documentare l&#8217;evento (naturalmente non verranno scattate immagini senza il consenso di partecipantx).<\/p>\n<p>&#8211; telefoni: anche per motivi di sicurezza, vi consigliamo (per quanto possibile) di non portare con voi il telefono o almeno di limitarne l&#8217;uso a determinate aree (campeggio o altre aree meno collettive)<\/p>\n<p>&#8211; autogestione: essendo un po questo il nostro ideale politico in termini di organizzazione collettiva, ci piacerebbe vederlo vivere nel campo. Ma naturalmente l&#8217;organizzazione collettiva non pu\u00f2 esistere senza la volont\u00e0 e il coinvolgimento dei\/lle partecipantx. Siamo un piccolo gruppo che sta preparando questo evento e, a dire il vero, non abbiamo idea di quante persone saremo alla fine. Vi consigliamo quindi di prepararvi a un alto grado di autogestione e di partecipazione alle attivit\u00e0 riproduttive della vita quotidiana (tagliare le verdure, lavare i piatti, svuotare i gabinetti, ecc.) Inoltre, alla fine di ogni giornata si terr\u00e0 una breve riunione plenaria per rivedere le attivit\u00e0 del giorno e prepararsi per il successivo.<\/p>\n<p>&#8211; la struttura del campo: la Gare \u00e8 un sito di grandi dimensioni e prevediamo di realizzare diverse aree di campeggio distinte, con almeno un&#8217;area scelta per essere senza uomini cisgenere. Per il resto abbiamo pensato che, piuttosto che definire a priori gli \u00ab\u00a0safe spaces\u00a0\u00bb, sarebbe stato bello farlo insieme, con le\/i partecipantx e in base alle esigenze. Se per qualche motivo non vi \u00e8 possibile campeggiare, \u00e8 bene che ce lo facciate sapere in anticipo in modo da trovare un&#8217;alternativa (c&#8217;\u00e8 un numero limitato di roulotte sul sito, oltre a possibilit\u00e0 di alloggio in luoghi vicini).<\/p>\n<p>&#8211; la distribuzione dei cantieri : ci sar\u00e0 almeno un cantiere senza uomini cisgenere, con la possibilit\u00e0 di definirne altre se necessario e\/o di organizzare fasce orarie in alcuni cantieri. Per quanto riguarda le aree di campeggio, abbiamo pensato che sarebbe stato bello definirle tutte insieme all&#8217;inizio del campo.<\/p>\n<p>&#8211; la presenza di non-umani: poich\u00e9 il sito si trasformer\u00e0 in un vasto campo di lavoro per una settimana, vi consigliamo, se possibile, di non venire accompagnati da non-umani. Se questo non \u00e8 possibile, o se volete comunque accompagnarli, \u00e8 vostra responsabilit\u00e0 (per il loro benessere, ma anche per quello deglx altrx partecipantx al campo)<\/p>\n<p>&#8211; allestimento e smontaggio: ogni aiuto \u00e8 ben accetto! Se avete tempo ed energie per farlo, non esitate a venire qualche giorno prima\/stare qualche giorno in pi\u00f9 per dare una mano. Se potete permettervelo, \u00e8 gradita anche una piccola e-mail per farci sapere che venite in anticipo (ci darebbe un po&#8217; pi\u00f9 di visibilit\u00e0, soprattutto per quanto riguarda le scorte alimentari).<\/p>\n<p>&#8211; Strutture decisionali e di comunicazione: per incoraggiare l&#8217;autogestione e affinch\u00e9 tuttx si sentano a proprio agio nel prendere iniziative, abbiamo previsto momenti di scambio e trasmissione di informazioni (plenaria di benvenuto, punto di costruzione alla fine di ogni giornata, punto di discussione\/ambientazione a met\u00e0 settimana, plenaria di chiusura). Molti scambi sono previsti per il luned\u00ec, quindi si consiglia di arrivare in anticipo, se possibile, per facilitare la trasmissione.<\/p>\n<p>&#8211; attenzione alle\/i partecipantx: cerchiamo di creare un gruppo di ascolto per tutta la durata del campo. Se siete interessatx, non esitate a farvi avanti all&#8217;inizio\/prima dell&#8217;evento.<\/p>\n<p>&#8211; Cantieri di costruzione: l&#8217;idea \u00e8 quella di condividere rapidamente il nostro punto di vista sulla situazione difensiva della Gare (in termini di infrastrutture), di scambiare collettivamente su di essa e di fare proposte per rafforzarla. Alcuni cantieri saranno pianificati e preparati in anticipo, ma sentitevi liberi di formare altri gruppi di costruzione in modo pi\u00f9 indipendente. Per quanto riguarda i materiali, faremo del nostro meglio per fornirne il pi\u00f9 possibile, ma le donazioni sono pi\u00f9 che benvenute!<\/p>\n<p>&#8211; Programmazione: In parallelo ai cantieri e soprattutto la sera, ci sar\u00e0 una programmazione (organizzata e autogestita): tre serate di concerti; proiezioni (<em>Un h\u00e9ritage empoisonn\u00e9, 9 jours derri\u00e8re les barricades, L&#8217;Explosion<\/em>); discussioni (sulle oppressioni sistemiche, sulla lotta contro la CIGEO, sulle strategie di difesa della Gare e raconte di esperienze,&#8230;), teatro dell&#8217;oppresso (anti-repressione),&#8230; Le proposte di workshop (discussione, autoformazione,&#8230;) sono fortemente incoraggiate, e una lista aperta sar\u00e0 pubblicata sul campo per registrare la programmazione autogestita.<\/p>\n<p>&#8211; Cibo: verr\u00e0 introdotta una mensa che si occuper\u00e0 di molti aspetti logistici legati alla preparazione dei pasti collettivi. Tuttavia, questa logistica sar\u00e0 forse portata ad aumentare in base al numero di partecipanti che ci saranno. Per quanto riguarda l&#8217;approvvigionamento alimentare, sempre in un&#8217;ottica di autogestione, invitiamo tutti coloro che possono e vogliono portare alimenti vegani da utilizzare per la preparazione dei pasti collettivi e\/o alimenti non vegani da mettere a disposizione dei partecipanti. Stiamo anche valutando la possibilit\u00e0 di creare aree cucina autogestite, ma questo dipender\u00e0 dalle nostre possibilit\u00e0.<\/p>\n<p><strong>L&#8217;elenco delle necessit\u00e0 (attrezzature, strumenti, cibo&#8230;) \u00e8 disponibile a questo <a href=\"https:\/\/bureburebure.info\/wp-content\/uploads\/2022\/06\/liste-de-matos-FBD.cleaned.pdf\">LINK<\/a><\/strong><\/p>\n<p><strong>Per venire qu\u00e0:<\/strong><\/p>\n<p>Indirizzo dell&#8217;Ancienne Gare de Lum\u00e9ville : RD138 Lum\u00e9ville-en-Ornois 55130 Gondrecourt-le-Ch\u00e2teau FRANCIA (maggiori informazioni su come arrivare QUI)<\/p>\n<p>Per chi non ha l&#8217;auto: saranno messe a disposizione navette dalle stazioni e dalle citt\u00e0 circostanti.<\/p>\n<p><strong>Affrontare la repressione:<\/strong><\/p>\n<p>Dato il contenuto di questo evento, la presenza dei poliziotti intorno al campo non \u00e8 da escludere, anzi \u00e8 probabile. In caso di provocazioni della polizia contro il campo, cercheremo di trovare una soluzione collettiva adeguata alla situazione.<\/p>\n<p>Ci sar\u00e0 un brief legale sul campo ; nel frattempo, per maggiori informazioni, \u00e8 possibile consultare questa <a href=\"https:\/\/bureburebure.info\/wp-content\/uploads\/2019\/07\/Legal_brief_italiano.pdf\">pagina<\/a> (disponibile anche in <a href=\"https:\/\/bureburebure.info\/brief-legal-en-contexte-burien\/\">francese<\/a>, <a href=\"https:\/\/bureburebure.info\/wp-content\/uploads\/2019\/07\/Bure-legal-brief.pdf\">inglese<\/a> e <a href=\"https:\/\/bureburebure.info\/wp-content\/uploads\/2019\/07\/Legal_brief_deutsch.pdf\">tedesco<\/a>).<\/p>\n<p>Alcune cose sono ancora in fase di organizzazione, aggiorneremo questo articolo su bureburebure.info qualche giorno prima della festa!<\/p>\n<p>Per contattarci potete scrivere a: fetedesbarricades[at]riseup[dot]net<\/p>\n<p>&nbsp;<\/p>\n","protected":false},"excerpt":{"rendered":"<p>Festa delle Barricate \/ comunicato stampa #2 Ciao a tuttx! Con l&#8217;avvicinarsi dei festeggiamenti, abbiamo pensato che fosse un buon momento per ricordare brevemente la ragion d&#8217;essere di questo evento e per dare alcune informazioni pratiche riguardanti, tra l&#8217;altro, la struttura della settimana. In primo luogo, e per evitare qualsiasi equivoco: potete stare tranquillx, La&#8230;<\/p>\n","protected":false},"author":3,"featured_media":8827,"comment_status":"closed","ping_status":"open","sticky":false,"template":"","format":"standard","meta":{"_locale":"it_IT","_original_post":"http:\/\/bure3iqeqde7ynpluyuubochndt33wwsbkmo7kgf32bmli4zigjwvzid.onion\/?p=9050","footnotes":""},"categories":[423],"tags":[485,465,314],"class_list":["post-9059","post","type-post","status-publish","format-standard","has-post-thumbnail","hentry","category-cigeo","tag-barricades","tag-chantiers","tag-la-gare","it-IT"],"_links":{"self":[{"href":"https:\/\/bureburebure.info\/wp-json\/wp\/v2\/posts\/9059","targetHints":{"allow":["GET"]}}],"collection":[{"href":"https:\/\/bureburebure.info\/wp-json\/wp\/v2\/posts"}],"about":[{"href":"https:\/\/bureburebure.info\/wp-json\/wp\/v2\/types\/post"}],"author":[{"embeddable":true,"href":"https:\/\/bureburebure.info\/wp-json\/wp\/v2\/users\/3"}],"replies":[{"embeddable":true,"href":"https:\/\/bureburebure.info\/wp-json\/wp\/v2\/comments?post=9059"}],"version-history":[{"count":2,"href":"https:\/\/bureburebure.info\/wp-json\/wp\/v2\/posts\/9059\/revisions"}],"predecessor-version":[{"id":9065,"href":"https:\/\/bureburebure.info\/wp-json\/wp\/v2\/posts\/9059\/revisions\/9065"}],"wp:featuredmedia":[{"embeddable":true,"href":"https:\/\/bureburebure.info\/wp-json\/wp\/v2\/media\/8827"}],"wp:attachment":[{"href":"https:\/\/bureburebure.info\/wp-json\/wp\/v2\/media?parent=9059"}],"wp:term":[{"taxonomy":"category","embeddable":true,"href":"https:\/\/bureburebure.info\/wp-json\/wp\/v2\/categories?post=9059"},{"taxonomy":"post_tag","embeddable":true,"href":"https:\/\/bureburebure.info\/wp-json\/wp\/v2\/tags?post=9059"}],"curies":[{"name":"wp","href":"https:\/\/api.w.org\/{rel}","templated":true}]}}